{"id":10964,"date":"2026-09-05T20:51:58","date_gmt":"2026-09-05T18:51:58","guid":{"rendered":"https:\/\/prjct.amsterdam\/?p=10964"},"modified":"2026-09-05T21:19:18","modified_gmt":"2026-09-05T19:19:18","slug":"a-new-season-a-new-chapter-the-2026-2027-program-from-prjct-amsterdam","status":"publish","type":"post","link":"https:\/\/prjct.amsterdam\/en\/news\/een-nieuw-seizoen-een-nieuw-hoofdstuk-het-programma-2026-2027-van-prjct-amsterdam\/","title":{"rendered":"A new season, a new chapter: PRJCT Amsterdam\u2019s 2026\u20132027 program"},"content":{"rendered":"<p dir=\"ltr\">A new season, a new chapter. PRJCT Amsterdam is proud to present six programs that bring together everything we\u2014and the community that shares our passion\u2014love about early music.<\/p>\n<p dir=\"ltr\">The season begins with <strong>Mozart \u2014 Kings, Emperors, and a Bird Catcher<\/strong>, featuring Rolando Villaz\u00f3n, on October 4 at the Kurhaus in Bad W\u00f6rishofen. Later that month, on October 24, the following will be performed: <strong>In Quiet Trust<\/strong> with soprano Anna Dennis at the Muziekgebouw Amsterdam.<\/p>\n<p dir=\"ltr\">In December, <strong>Handel's Messiah<\/strong> On tour at the Concertgebouw in Amsterdam, Flagey in Brussels, Musis in Arnhem, the Concertgebouw De Vereeniging in Nijmegen, and the Philharmonie in Haarlem, with the Flemish Radio Choir, Lenneke Ruiten, Fabio Tr\u00fcmpy, and Edward Grint.<\/p>\n<p dir=\"ltr\">In February and March, we'll be traveling with <strong>Pergolesi's *Stabat Mater*<\/strong> and Julia Lezhneva will tour six cities in the Netherlands, France, Germany, and Belgium\u2014with concerts at venues including Salle Gaveau in Paris, the K\u00f6lner Philharmonie, and AMUZ in Antwerp.<\/p>\n<p dir=\"ltr\">April will be a two-part event: <strong>Royals in Love \u2014 I Embrace You<\/strong> With Jeanine De Bique, TivoliVredenburg will perform in Utrecht, at the Concertzaal in Tilburg, at the Philharmonie in Haarlem, and at Amare in The Hague; and on April 14, Maarten Engeltjes and PRJCT will perform in Amsterdam <strong>Handel's Nine German Arias<\/strong> at the Muziekgebouw Amsterdam.<\/p>\n<p>View the full program and order your tickets at <a href=\"https:\/\/prjct.amsterdam\/en\/concerts\/\">prjct.amsterdam\/concerten<\/a>.<\/p>","protected":false},"excerpt":{"rendered":"<p>Een nieuw seizoen, een nieuw hoofdstuk. PRJCT Amsterdam opent met trots de deuren voor zes programma&#8217;s die alles samenbrengen waar wij \u2014 en de gemeenschap die met ons meeleeft \u2014 van houden in de oude muziek. Het seizoen begint met Mozart \u2014 K\u00f6nige, Kaiser &amp; Ein Vogelf\u00e4nger, met Rolando Villaz\u00f3n, op 4 oktober in het [&hellip;]<\/p>\n","protected":false},"author":3,"featured_media":10963,"comment_status":"closed","ping_status":"closed","sticky":false,"template":"","format":"standard","meta":{"_acf_changed":false,"footnotes":""},"categories":[9],"tags":[],"project_group":[],"class_list":["post-10964","post","type-post","status-publish","format-standard","has-post-thumbnail","hentry","category-news"],"acf":[],"yoast_head":"<!-- This site is optimized with the Yoast SEO plugin v28.4 - https:\/\/yoast.com\/product\/yoast-seo-wordpress\/ -->\n<title>Een nieuw seizoen, een nieuw hoofdstuk: het programma 2026-2027 van PRJCT Amsterdam - PRJCT Amsterdam<\/title>\n<meta name=\"robots\" content=\"index, follow, max-snippet:-1, max-image-preview:large, max-video-preview:-1\" \/>\n<link rel=\"canonical\" href=\"https:\/\/prjct.amsterdam\/en\/news\/a-new-season-a-new-chapter-the-2026-2027-program-from-prjct-amsterdam\/\" \/>\n<meta property=\"og:locale\" content=\"en_US\" \/>\n<meta property=\"og:type\" content=\"article\" \/>\n<meta property=\"og:title\" content=\"Een nieuw seizoen, een nieuw hoofdstuk: het programma 2026-2027 van PRJCT Amsterdam - PRJCT Amsterdam\" \/>\n<meta property=\"og:description\" content=\"Een nieuw seizoen, een nieuw hoofdstuk. PRJCT Amsterdam opent met trots de deuren voor zes programma&#8217;s die alles samenbrengen waar wij \u2014 en de gemeenschap die met ons meeleeft \u2014 van houden in de oude muziek. Het seizoen begint met Mozart \u2014 K\u00f6nige, Kaiser &amp; Ein Vogelf\u00e4nger, met Rolando Villaz\u00f3n, op 4 oktober in het [&hellip;]\" \/>\n<meta property=\"og:url\" content=\"https:\/\/prjct.amsterdam\/en\/news\/a-new-season-a-new-chapter-the-2026-2027-program-from-prjct-amsterdam\/\" \/>\n<meta property=\"og:site_name\" content=\"PRJCT Amsterdam\" \/>\n<meta property=\"article:published_time\" content=\"2026-09-05T18:51:58+00:00\" \/>\n<meta property=\"article:modified_time\" content=\"2026-09-05T19:19:18+00:00\" \/>\n<meta property=\"og:image\" content=\"https:\/\/prjct.amsterdam\/wp-content\/uploads\/2026\/09\/PRJCTAmsterdam202627Season.png\" \/>\n\t<meta property=\"og:image:width\" content=\"1080\" \/>\n\t<meta property=\"og:image:height\" content=\"1350\" \/>\n\t<meta property=\"og:image:type\" content=\"image\/png\" \/>\n<meta name=\"author\" content=\"Stef-prct-editor-2021\" \/>\n<meta name=\"twitter:card\" content=\"summary_large_image\" \/>\n<meta name=\"twitter:label1\" content=\"Written by\" \/>\n\t<meta name=\"twitter:data1\" content=\"Stef-prct-editor-2021\" \/>\n\t<meta name=\"twitter:label2\" content=\"Est. reading time\" \/>\n\t<meta name=\"twitter:data2\" content=\"2 minutes\" \/>\n<script type=\"application\/ld+json\" class=\"yoast-schema-graph\">{\"@context\":\"https:\\\/\\\/schema.org\",\"@graph\":[{\"@type\":\"Article\",\"@id\":\"https:\\\/\\\/prjct.amsterdam\\\/news\\\/een-nieuw-seizoen-een-nieuw-hoofdstuk-het-programma-2026-2027-van-prjct-amsterdam\\\/#article\",\"isPartOf\":{\"@id\":\"https:\\\/\\\/prjct.amsterdam\\\/news\\\/een-nieuw-seizoen-een-nieuw-hoofdstuk-het-programma-2026-2027-van-prjct-amsterdam\\\/\"},\"author\":{\"name\":\"Stef-prct-editor-2021\",\"@id\":\"https:\\\/\\\/prjct.amsterdam\\\/#\\\/schema\\\/person\\\/b929d25d54b9a97bf39f998070c93b16\"},\"headline\":\"Een nieuw seizoen, een nieuw hoofdstuk: het programma 2026-2027 van PRJCT Amsterdam\",\"datePublished\":\"2026-09-05T18:51:58+00:00\",\"dateModified\":\"2026-09-05T19:19:18+00:00\",\"mainEntityOfPage\":{\"@id\":\"https:\\\/\\\/prjct.amsterdam\\\/news\\\/een-nieuw-seizoen-een-nieuw-hoofdstuk-het-programma-2026-2027-van-prjct-amsterdam\\\/\"},\"wordCount\":214,\"image\":{\"@id\":\"https:\\\/\\\/prjct.amsterdam\\\/news\\\/een-nieuw-seizoen-een-nieuw-hoofdstuk-het-programma-2026-2027-van-prjct-amsterdam\\\/#primaryimage\"},\"thumbnailUrl\":\"https:\\\/\\\/prjct.amsterdam\\\/wp-content\\\/uploads\\\/2026\\\/09\\\/PRJCTAmsterdam202627Season.png\",\"articleSection\":[\"news\"],\"inLanguage\":\"en-US\"},{\"@type\":\"WebPage\",\"@id\":\"https:\\\/\\\/prjct.amsterdam\\\/news\\\/een-nieuw-seizoen-een-nieuw-hoofdstuk-het-programma-2026-2027-van-prjct-amsterdam\\\/\",\"url\":\"https:\\\/\\\/prjct.amsterdam\\\/news\\\/een-nieuw-seizoen-een-nieuw-hoofdstuk-het-programma-2026-2027-van-prjct-amsterdam\\\/\",\"name\":\"Een nieuw seizoen, een nieuw hoofdstuk: het programma 2026-2027 van PRJCT Amsterdam - PRJCT Amsterdam\",\"isPartOf\":{\"@id\":\"https:\\\/\\\/prjct.amsterdam\\\/#website\"},\"primaryImageOfPage\":{\"@id\":\"https:\\\/\\\/prjct.amsterdam\\\/news\\\/een-nieuw-seizoen-een-nieuw-hoofdstuk-het-programma-2026-2027-van-prjct-amsterdam\\\/#primaryimage\"},\"image\":{\"@id\":\"https:\\\/\\\/prjct.amsterdam\\\/news\\\/een-nieuw-seizoen-een-nieuw-hoofdstuk-het-programma-2026-2027-van-prjct-amsterdam\\\/#primaryimage\"},\"thumbnailUrl\":\"https:\\\/\\\/prjct.amsterdam\\\/wp-content\\\/uploads\\\/2026\\\/09\\\/PRJCTAmsterdam202627Season.png\",\"datePublished\":\"2026-09-05T18:51:58+00:00\",\"dateModified\":\"2026-09-05T19:19:18+00:00\",\"author\":{\"@id\":\"https:\\\/\\\/prjct.amsterdam\\\/#\\\/schema\\\/person\\\/b929d25d54b9a97bf39f998070c93b16\"},\"breadcrumb\":{\"@id\":\"https:\\\/\\\/prjct.amsterdam\\\/news\\\/een-nieuw-seizoen-een-nieuw-hoofdstuk-het-programma-2026-2027-van-prjct-amsterdam\\\/#breadcrumb\"},\"inLanguage\":\"en-US\",\"potentialAction\":[{\"@type\":\"ReadAction\",\"target\":[\"https:\\\/\\\/prjct.amsterdam\\\/news\\\/een-nieuw-seizoen-een-nieuw-hoofdstuk-het-programma-2026-2027-van-prjct-amsterdam\\\/\"]}]},{\"@type\":\"ImageObject\",\"inLanguage\":\"en-US\",\"@id\":\"https:\\\/\\\/prjct.amsterdam\\\/news\\\/een-nieuw-seizoen-een-nieuw-hoofdstuk-het-programma-2026-2027-van-prjct-amsterdam\\\/#primaryimage\",\"url\":\"https:\\\/\\\/prjct.amsterdam\\\/wp-content\\\/uploads\\\/2026\\\/09\\\/PRJCTAmsterdam202627Season.png\",\"contentUrl\":\"https:\\\/\\\/prjct.amsterdam\\\/wp-content\\\/uploads\\\/2026\\\/09\\\/PRJCTAmsterdam202627Season.png\",\"width\":1080,\"height\":1350},{\"@type\":\"BreadcrumbList\",\"@id\":\"https:\\\/\\\/prjct.amsterdam\\\/news\\\/een-nieuw-seizoen-een-nieuw-hoofdstuk-het-programma-2026-2027-van-prjct-amsterdam\\\/#breadcrumb\",\"itemListElement\":[{\"@type\":\"ListItem\",\"position\":1,\"name\":\"Home\",\"item\":\"https:\\\/\\\/prjct.amsterdam\\\/\"},{\"@type\":\"ListItem\",\"position\":2,\"name\":\"Een nieuw seizoen, een nieuw hoofdstuk: het programma 2026-2027 van PRJCT Amsterdam\"}]},{\"@type\":\"WebSite\",\"@id\":\"https:\\\/\\\/prjct.amsterdam\\\/#website\",\"url\":\"https:\\\/\\\/prjct.amsterdam\\\/\",\"name\":\"PRJCT Amsterdam\",\"description\":\"by MAarten Engeltjes\",\"potentialAction\":[{\"@type\":\"SearchAction\",\"target\":{\"@type\":\"EntryPoint\",\"urlTemplate\":\"https:\\\/\\\/prjct.amsterdam\\\/?s={search_term_string}\"},\"query-input\":{\"@type\":\"PropertyValueSpecification\",\"valueRequired\":true,\"valueName\":\"search_term_string\"}}],\"inLanguage\":\"en-US\"},{\"@type\":\"Person\",\"@id\":\"https:\\\/\\\/prjct.amsterdam\\\/#\\\/schema\\\/person\\\/b929d25d54b9a97bf39f998070c93b16\",\"name\":\"Stef-prct-editor-2021\",\"image\":{\"@type\":\"ImageObject\",\"inLanguage\":\"en-US\",\"@id\":\"https:\\\/\\\/secure.gravatar.com\\\/avatar\\\/3571c3d0434187e9b453bdf7a6d1416c63a452a15665575634c807ef277b05ce?s=96&d=mm&r=g\",\"url\":\"https:\\\/\\\/secure.gravatar.com\\\/avatar\\\/3571c3d0434187e9b453bdf7a6d1416c63a452a15665575634c807ef277b05ce?s=96&d=mm&r=g\",\"contentUrl\":\"https:\\\/\\\/secure.gravatar.com\\\/avatar\\\/3571c3d0434187e9b453bdf7a6d1416c63a452a15665575634c807ef277b05ce?s=96&d=mm&r=g\",\"caption\":\"Stef-prct-editor-2021\"}}]}<\/script>\n<!-- \/ Yoast SEO plugin. -->","yoast_head_json":{"title":"A new season, a new chapter: PRJCT Amsterdam\u2019s 2026\u20132027 program - PRJCT Amsterdam","robots":{"index":"index","follow":"follow","max-snippet":"max-snippet:-1","max-image-preview":"max-image-preview:large","max-video-preview":"max-video-preview:-1"},"canonical":"https:\/\/prjct.amsterdam\/en\/news\/a-new-season-a-new-chapter-the-2026-2027-program-from-prjct-amsterdam\/","og_locale":"en_US","og_type":"article","og_title":"Een nieuw seizoen, een nieuw hoofdstuk: het programma 2026-2027 van PRJCT Amsterdam - PRJCT Amsterdam","og_description":"Een nieuw seizoen, een nieuw hoofdstuk. PRJCT Amsterdam opent met trots de deuren voor zes programma&#8217;s die alles samenbrengen waar wij \u2014 en de gemeenschap die met ons meeleeft \u2014 van houden in de oude muziek. Het seizoen begint met Mozart \u2014 K\u00f6nige, Kaiser &amp; Ein Vogelf\u00e4nger, met Rolando Villaz\u00f3n, op 4 oktober in het [&hellip;]","og_url":"https:\/\/prjct.amsterdam\/en\/news\/a-new-season-a-new-chapter-the-2026-2027-program-from-prjct-amsterdam\/","og_site_name":"PRJCT Amsterdam","article_published_time":"2026-09-05T18:51:58+00:00","article_modified_time":"2026-09-05T19:19:18+00:00","og_image":[{"width":1080,"height":1350,"url":"https:\/\/prjct.amsterdam\/wp-content\/uploads\/2026\/09\/PRJCTAmsterdam202627Season.png","type":"image\/png"}],"author":"Stef-prct-editor-2021","twitter_card":"summary_large_image","twitter_misc":{"Written by":"Stef-prct-editor-2021","Est. reading time":"2 minutes"},"schema":{"@context":"https:\/\/schema.org","@graph":[{"@type":"Article","@id":"https:\/\/prjct.amsterdam\/news\/een-nieuw-seizoen-een-nieuw-hoofdstuk-het-programma-2026-2027-van-prjct-amsterdam\/#article","isPartOf":{"@id":"https:\/\/prjct.amsterdam\/news\/een-nieuw-seizoen-een-nieuw-hoofdstuk-het-programma-2026-2027-van-prjct-amsterdam\/"},"author":{"name":"Stef-prct-editor-2021","@id":"https:\/\/prjct.amsterdam\/#\/schema\/person\/b929d25d54b9a97bf39f998070c93b16"},"headline":"Een nieuw seizoen, een nieuw hoofdstuk: het programma 2026-2027 van PRJCT Amsterdam","datePublished":"2026-09-05T18:51:58+00:00","dateModified":"2026-09-05T19:19:18+00:00","mainEntityOfPage":{"@id":"https:\/\/prjct.amsterdam\/news\/een-nieuw-seizoen-een-nieuw-hoofdstuk-het-programma-2026-2027-van-prjct-amsterdam\/"},"wordCount":214,"image":{"@id":"https:\/\/prjct.amsterdam\/news\/een-nieuw-seizoen-een-nieuw-hoofdstuk-het-programma-2026-2027-van-prjct-amsterdam\/#primaryimage"},"thumbnailUrl":"https:\/\/prjct.amsterdam\/wp-content\/uploads\/2026\/09\/PRJCTAmsterdam202627Season.png","articleSection":["news"],"inLanguage":"en-US"},{"@type":"WebPage","@id":"https:\/\/prjct.amsterdam\/news\/een-nieuw-seizoen-een-nieuw-hoofdstuk-het-programma-2026-2027-van-prjct-amsterdam\/","url":"https:\/\/prjct.amsterdam\/news\/een-nieuw-seizoen-een-nieuw-hoofdstuk-het-programma-2026-2027-van-prjct-amsterdam\/","name":"A new season, a new chapter: PRJCT Amsterdam\u2019s 2026\u20132027 program - PRJCT Amsterdam","isPartOf":{"@id":"https:\/\/prjct.amsterdam\/#website"},"primaryImageOfPage":{"@id":"https:\/\/prjct.amsterdam\/news\/een-nieuw-seizoen-een-nieuw-hoofdstuk-het-programma-2026-2027-van-prjct-amsterdam\/#primaryimage"},"image":{"@id":"https:\/\/prjct.amsterdam\/news\/een-nieuw-seizoen-een-nieuw-hoofdstuk-het-programma-2026-2027-van-prjct-amsterdam\/#primaryimage"},"thumbnailUrl":"https:\/\/prjct.amsterdam\/wp-content\/uploads\/2026\/09\/PRJCTAmsterdam202627Season.png","datePublished":"2026-09-05T18:51:58+00:00","dateModified":"2026-09-05T19:19:18+00:00","author":{"@id":"https:\/\/prjct.amsterdam\/#\/schema\/person\/b929d25d54b9a97bf39f998070c93b16"},"breadcrumb":{"@id":"https:\/\/prjct.amsterdam\/news\/een-nieuw-seizoen-een-nieuw-hoofdstuk-het-programma-2026-2027-van-prjct-amsterdam\/#breadcrumb"},"inLanguage":"en-US","potentialAction":[{"@type":"ReadAction","target":["https:\/\/prjct.amsterdam\/news\/een-nieuw-seizoen-een-nieuw-hoofdstuk-het-programma-2026-2027-van-prjct-amsterdam\/"]}]},{"@type":"ImageObject","inLanguage":"en-US","@id":"https:\/\/prjct.amsterdam\/news\/een-nieuw-seizoen-een-nieuw-hoofdstuk-het-programma-2026-2027-van-prjct-amsterdam\/#primaryimage","url":"https:\/\/prjct.amsterdam\/wp-content\/uploads\/2026\/09\/PRJCTAmsterdam202627Season.png","contentUrl":"https:\/\/prjct.amsterdam\/wp-content\/uploads\/2026\/09\/PRJCTAmsterdam202627Season.png","width":1080,"height":1350},{"@type":"BreadcrumbList","@id":"https:\/\/prjct.amsterdam\/news\/een-nieuw-seizoen-een-nieuw-hoofdstuk-het-programma-2026-2027-van-prjct-amsterdam\/#breadcrumb","itemListElement":[{"@type":"ListItem","position":1,"name":"Home","item":"https:\/\/prjct.amsterdam\/"},{"@type":"ListItem","position":2,"name":"Een nieuw seizoen, een nieuw hoofdstuk: het programma 2026-2027 van PRJCT Amsterdam"}]},{"@type":"WebSite","@id":"https:\/\/prjct.amsterdam\/#website","url":"https:\/\/prjct.amsterdam\/","name":"PRJCT Amsterdam","description":"by MAarten Engels","potentialAction":[{"@type":"SearchAction","target":{"@type":"EntryPoint","urlTemplate":"https:\/\/prjct.amsterdam\/?s={search_term_string}"},"query-input":{"@type":"PropertyValueSpecification","valueRequired":true,"valueName":"search_term_string"}}],"inLanguage":"en-US"},{"@type":"Person","@id":"https:\/\/prjct.amsterdam\/#\/schema\/person\/b929d25d54b9a97bf39f998070c93b16","name":"Stef-prct-editor-2021","image":{"@type":"ImageObject","inLanguage":"en-US","@id":"https:\/\/secure.gravatar.com\/avatar\/3571c3d0434187e9b453bdf7a6d1416c63a452a15665575634c807ef277b05ce?s=96&d=mm&r=g","url":"https:\/\/secure.gravatar.com\/avatar\/3571c3d0434187e9b453bdf7a6d1416c63a452a15665575634c807ef277b05ce?s=96&d=mm&r=g","contentUrl":"https:\/\/secure.gravatar.com\/avatar\/3571c3d0434187e9b453bdf7a6d1416c63a452a15665575634c807ef277b05ce?s=96&d=mm&r=g","caption":"Stef-prct-editor-2021"}}]}},"_links":{"self":[{"href":"https:\/\/prjct.amsterdam\/en\/wp-json\/wp\/v2\/posts\/10964","targetHints":{"allow":["GET"]}}],"collection":[{"href":"https:\/\/prjct.amsterdam\/en\/wp-json\/wp\/v2\/posts"}],"about":[{"href":"https:\/\/prjct.amsterdam\/en\/wp-json\/wp\/v2\/types\/post"}],"author":[{"embeddable":true,"href":"https:\/\/prjct.amsterdam\/en\/wp-json\/wp\/v2\/users\/3"}],"replies":[{"embeddable":true,"href":"https:\/\/prjct.amsterdam\/en\/wp-json\/wp\/v2\/comments?post=10964"}],"version-history":[{"count":3,"href":"https:\/\/prjct.amsterdam\/en\/wp-json\/wp\/v2\/posts\/10964\/revisions"}],"predecessor-version":[{"id":10968,"href":"https:\/\/prjct.amsterdam\/en\/wp-json\/wp\/v2\/posts\/10964\/revisions\/10968"}],"wp:featuredmedia":[{"embeddable":true,"href":"https:\/\/prjct.amsterdam\/en\/wp-json\/wp\/v2\/media\/10963"}],"wp:attachment":[{"href":"https:\/\/prjct.amsterdam\/en\/wp-json\/wp\/v2\/media?parent=10964"}],"wp:term":[{"taxonomy":"category","embeddable":true,"href":"https:\/\/prjct.amsterdam\/en\/wp-json\/wp\/v2\/categories?post=10964"},{"taxonomy":"post_tag","embeddable":true,"href":"https:\/\/prjct.amsterdam\/en\/wp-json\/wp\/v2\/tags?post=10964"},{"taxonomy":"project_group","embeddable":true,"href":"https:\/\/prjct.amsterdam\/en\/wp-json\/wp\/v2\/project_group?post=10964"}],"curies":[{"name":"wp","href":"https:\/\/api.w.org\/{rel}","templated":true}]}}